{"id":999,"date":"2017-12-24T09:18:31","date_gmt":"2017-12-24T08:18:31","guid":{"rendered":"http:\/\/www.parafiabiadoliny.pl\/?p=999"},"modified":"2017-12-25T18:31:59","modified_gmt":"2017-12-25T17:31:59","slug":"czwarta-niedziela-adwentu-24-grudnia-2017","status":"publish","type":"post","link":"https:\/\/nspjbiadoliny.pl\/?p=999","title":{"rendered":"Og\u0142oszenia duszpasterskie &#8211; 24 grudnia 2017 r."},"content":{"rendered":"<p><!--more--><br \/>\n<strong> IV Niedziela Adwentu &#8211; 24 grudnia 2017 roku <\/strong><br \/>\nOg\u0142oszenia duszpasterskie<\/p>\n<p>1. <strong> Czas adwentowego oczekiwania dope\u0142nia si\u0119. Maryja uczy nas, jak przyjmowa\u0107 Boga ochotnym sercem: \u201eOto Ja s\u0142u\u017cebnica Pa\u0144ska, niech Mi si\u0119 stanie wed\u0142ug twego s\u0142owa\u201d<\/strong>.<\/p>\n<p>2. B\u00f3g zap\u0142a\u0107 za dzisiejsze ofiary na cele gospodarcze. &#8211; 5.350.00 z\u0142.<\/p>\n<p>3. W tym roku wyj\u0105tkowo IV Niedziela Adwentu \u0142\u0105czy si\u0119 z Wigili\u0105 Bo\u017cego Narodzenia. Jeszcze tylko do godz. 11:00 b\u0119dzie sprawowana Msza \u015awi\u0119ta w adwentowym fiolecie.<\/p>\n<p>4. Zach\u0119camy do religijnego prze\u017cywania wieczerzy wigilijnej w rodzinnej i radosnej atmosferze. Starajmy si\u0119 zachowa\u0107 dobre tradycje zwi\u0105zane z tym dniem. Zadbajmy o tradycyjn\u0105, chrze\u015bcija\u0144sk\u0105 opraw\u0119 wigilijnej wieczerzy. Niech wigilijnej wieczerzy towarzyszy wsp\u00f3lna modlitwa, lektura fragmentu Pisma \u015awi\u0119tego o narodzeniu Zbawiciela \u015bwiata (Ewangelia wg \u015bw. \u0141ukasza) \u0142amanie si\u0119 op\u0142atkiem, wsp\u00f3lny \u015bpiew kol\u0119d i pastora\u0142ek. Pod \u017cadnym pozorem nie podawajmy na wigilijny st\u00f3\u0142 alkoholu, a tradycyjnie zachowajmy te\u017c wstrzemi\u0119\u017aliwo\u015b\u0107 od potraw mi\u0119snych. W tym duchu przyjd\u017amy te\u017c o p\u00f3\u0142nocy do naszej parafialnej \u015bwi\u0105tyni na Pasterk\u0119. \u201ePasterka\u201d o p\u00f3\u0142nocy poprzedzona b\u0119dzie Jutrzni\u0105 Adwentow\u0105 (15 min. wcze\u015bniej). Rado\u015bnie uczcijmy przychodz\u0105cego Pana. Ci wszyscy, kt\u00f3rzy na pasterce przyst\u0105pi\u0105 do Komunii \u015bw. mog\u0105 po raz drugi przyj\u0105\u0107 Komuni\u0119 \u015bw. w dzie\u0144 Bo\u017cego Narodzenia. Sk\u0142adka na Pasterce na Fundusz Obrony \u017bycia.<\/p>\n<p>5. W poniedzia\u0142ek 25 grudnia, w dzie\u0144 Bo\u017cego Narodzenia, Msze \u015awi\u0119te wed\u0142ug porz\u0105dku niedzielnego. W Bo\u017ce Narodzenie mo\u017cna zyska\u0107 odpust zupe\u0142ny pod zwyk\u0142ymi warunkami za przyj\u0119cie papieskiego b\u0142ogos\u0142awie\u0144stwa \u201eUrbi et orbi\u201d, tj. \u201eMiastu i \u015bwiatu\u201d, nawet za po\u015brednictwem radia lub telewizji.<\/p>\n<p>6. W \u015bwi\u0119to \u015bw. Szczepana, pierwszego m\u0119czennika po Mszach \u015bw. po\u015bwi\u0119cenie owsa i o 9:30 nast\u0105pi liturgiczne rozes\u0142anie kol\u0119dnik\u00f3w misyjnych. W sobot\u0119 (30.12) Kol\u0119dnicy Misyjni b\u0119d\u0105 kol\u0119dowa\u0107 po ca\u0142ej parafii. Prosimy o udzia\u0142 w tym dziele misyjnym ca\u0142ej parafii i o \u017cyczliwe przyj\u0119cie Kol\u0119dnik\u00f3w w swoich domach. Sk\u0142adka z drugiego dnia \u015bwi\u0105t przeznaczona jest na Uniwersytet Papieski JPII w Krakowie i Tarnowie. W tym dniu Mszy \u015bw. popo\u0142udniowej o 15:00 nie b\u0119dzie.<\/p>\n<p>7. W przysz\u0142\u0105 niedziel\u0119, w \u015bwi\u0119to \u015awi\u0119tej Rodziny, zapraszamy ma\u0142\u017conk\u00f3w, aby wraz z dzie\u0107mi przyj\u0119li b\u0142ogos\u0142awie\u0144stwo po ka\u017cdej Mszy \u015awi\u0119tej.<\/p>\n<p>8. Oktaw\u0119 Narodzenia Pa\u0144skiego ubogacaj\u0105 przypadaj\u0105ce w najbli\u017cszych dniach kolejne \u015bwi\u0119ta:<br \/>\n&#8211; w \u015brod\u0119 27 grudnia wspominamy \u015bw. Jana Aposto\u0142a,<br \/>\n&#8211; w czwartek 28 grudnia wsp. \u015bw. M\u0142odziank\u00f3w, m\u0119czennik\u00f3w. Tradycyjnie jest to tak\u017ce dzie\u0144 modlitw w intencji dzieci nienarodzonych.<\/p>\n<p>11. Za tydzie\u0144, w ostatnim dniu roku kalendarzowego, b\u0119dziemy dzi\u0119kowa\u0107 Panu Bogu za wszystkie dni ko\u0144cz\u0105cego si\u0119 roku. Mamy za co dzi\u0119kowa\u0107, ale mamy r\u00f3wnie\u017c za co przeprasza\u0107 i prosi\u0107 Bo\u017c\u0105 Opatrzno\u015b\u0107 o opiek\u0119. Serdecznie zapraszam na Eucharysti\u0119 i specjalne nabo\u017ce\u0144stwo o godz. 15:00.<\/p>\n<p>12. W najbli\u017cszym czasie od 27.12.2016 r. tj. w \u015brod\u0119 rozpoczn\u0105 si\u0119 odwiedziny duszpasterskie, zwane kol\u0119d\u0105. Pragniemy odwiedzi\u0107 naszych Parafian, aby zanie\u015b\u0107 do ich dom\u00f3w i rodzin Bo\u017ce b\u0142ogos\u0142awie\u0144stwo. B\u0119dzie to przede wszystkim wizyta duszpasterska, podczas kt\u00f3rej zapraszam wszystkich do wsp\u00f3lnej modlitwy, do zastanowienia si\u0119 nad naszymi praktykami religijnymi. Kol\u0119da ma tak\u017ce s\u0142u\u017cy\u0107 lepszemu wzajemnemu poznaniu si\u0119, zbli\u017ceniu duszpasterza do powierzonych jego trosce parafian i odwrotnie. Niech to b\u0119dzie okazja do rozmowy o rado\u015bciach i smutkach odwiedzanych rodzin oraz o wsp\u00f3lnych sprawach naszej wsp\u00f3lnoty parafialnej. Porz\u0105dek kol\u0119dy podam jutro w og\u0142oszeniach.<\/p>\n<p>13. MSZE \u015aWI\u0118TE:<br \/>\nRANO: od \u015brody do soboty o 7:00,<br \/>\nWIECZOREM: od \u015brody do soboty o 17:00, ponadto w sobot\u0119 o 15:00.<\/p>\n<p>14. Niech te \u015bwi\u0119ta dla wszystkich Drogich Parafian i Go\u015bci b\u0119d\u0105 pe\u0142ne Bo\u017cego b\u0142ogos\u0142awie\u0144stwa i mi\u0142o\u015bci, kt\u00f3r\u0105 przynosi ze sob\u0105 Bo\u017cy Syn pod nasze dachy, w nasze rodziny i serce ka\u017cdego z nas. Niech ta Bo\u017ca rado\u015b\u0107 i mi\u0142o\u015b\u0107 przed\u0142u\u017ca si\u0119 na kolejne dni naszego \u015bwi\u0119towania i na ca\u0142\u0105 nasz\u0105 codzienno\u015b\u0107.<\/p>\n","protected":false},"excerpt":{"rendered":"","protected":false},"author":2,"featured_media":1017,"comment_status":"closed","ping_status":"closed","sticky":false,"template":"","format":"standard","meta":{"_exactmetrics_skip_tracking":false,"_exactmetrics_sitenote_active":false,"_exactmetrics_sitenote_note":"","_exactmetrics_sitenote_category":0,"ngg_post_thumbnail":0,"footnotes":""},"categories":[3],"tags":[10,11,8,7,9,5,6,12],"class_list":{"0":"entry","1":"post","2":"publish","3":"author-ks-zbigniew-dudek","4":"has-more-link","5":"post-999","7":"format-standard","8":"has-post-thumbnail","9":"category-ogloszenia-duszpasterskie","10":"post_tag-biadoliny-radlowskie","11":"post_tag-biadoliny-szlacheckie","12":"post_tag-ogloszenia-duszpasterskie","13":"post_tag-ogloszenia-parafialne","14":"post_tag-parafia-biadoliny","15":"post_tag-parafia-pw-najswietszego-serca-pana-jezusa-w-biadolinach","16":"post_tag-parafia-pw-nspj-w-biadolinach","17":"post_tag-perla"},"_links":{"self":[{"href":"https:\/\/nspjbiadoliny.pl\/index.php?rest_route=\/wp\/v2\/posts\/999","targetHints":{"allow":["GET"]}}],"collection":[{"href":"https:\/\/nspjbiadoliny.pl\/index.php?rest_route=\/wp\/v2\/posts"}],"about":[{"href":"https:\/\/nspjbiadoliny.pl\/index.php?rest_route=\/wp\/v2\/types\/post"}],"author":[{"embeddable":true,"href":"https:\/\/nspjbiadoliny.pl\/index.php?rest_route=\/wp\/v2\/users\/2"}],"replies":[{"embeddable":true,"href":"https:\/\/nspjbiadoliny.pl\/index.php?rest_route=%2Fwp%2Fv2%2Fcomments&post=999"}],"version-history":[{"count":6,"href":"https:\/\/nspjbiadoliny.pl\/index.php?rest_route=\/wp\/v2\/posts\/999\/revisions"}],"predecessor-version":[{"id":1018,"href":"https:\/\/nspjbiadoliny.pl\/index.php?rest_route=\/wp\/v2\/posts\/999\/revisions\/1018"}],"wp:featuredmedia":[{"embeddable":true,"href":"https:\/\/nspjbiadoliny.pl\/index.php?rest_route=\/wp\/v2\/media\/1017"}],"wp:attachment":[{"href":"https:\/\/nspjbiadoliny.pl\/index.php?rest_route=%2Fwp%2Fv2%2Fmedia&parent=999"}],"wp:term":[{"taxonomy":"category","embeddable":true,"href":"https:\/\/nspjbiadoliny.pl\/index.php?rest_route=%2Fwp%2Fv2%2Fcategories&post=999"},{"taxonomy":"post_tag","embeddable":true,"href":"https:\/\/nspjbiadoliny.pl\/index.php?rest_route=%2Fwp%2Fv2%2Ftags&post=999"}],"curies":[{"name":"wp","href":"https:\/\/api.w.org\/{rel}","templated":true}]}}