{"id":774,"date":"2017-04-30T06:46:48","date_gmt":"2017-04-30T04:46:48","guid":{"rendered":"http:\/\/www.parafiabiadoliny.pl\/?p=774"},"modified":"2017-05-04T17:09:58","modified_gmt":"2017-05-04T15:09:58","slug":"774","status":"publish","type":"post","link":"https:\/\/nspjbiadoliny.pl\/?p=774","title":{"rendered":"Og\u0142oszenia duszpasterskie &#8211; 30 kwietnia 2017 r."},"content":{"rendered":"<p><!--more--><br \/>\n<strong> III Niedziela Wielkanocna &#8211; 30 kwietnia 2017 roku <\/strong><br \/>\nOg\u0142oszenia duszpasterskie<\/p>\n<p><strong> 1. Dzi\u015b jest trzecia niedziela Wielkanocy Okres od Zmartwychwstania do Wniebowst\u0105pienia Pan Jezus ukazuj\u0105c si\u0119 po\u015bwi\u0119ci\u0142 tym, kt\u00f3rych najbardziej umi\u0142owa\u0142. <\/strong><\/p>\n<p>2. Na mocy decyzji Konferencji Episkopatu Polski w trzeci\u0105 niedziel\u0119 Wielkanocy we wszystkich diecezjach w Polsce obchodzona jest Niedziela Biblijna i Tydzie\u0144 Biblijny. W Tygodniu Biblijnym wczytujmy si\u0119 z ochot\u0105 i rozwa\u017cajmy s\u0142owo Bo\u017ce zawarte na kartach Ewangelii.<\/p>\n<p>3. W najbli\u017cszy poniedzia\u0142ek rozpocznie si\u0119 miesi\u0105c maj w szczeg\u00f3lny spos\u00f3b po\u015bwi\u0119cony Maryi. Codziennie b\u0119dziemy gromadzi\u0107 si\u0119 wok\u00f3\u0142 o\u0142tarza na Eucharystii, po kt\u00f3rej b\u0119dziemy celebrowali tak ukochane przez starszych i m\u0142odszych majowe nabo\u017ce\u0144stwo.<\/p>\n<p>4. Dzie\u0144 1 maja jest tak\u017ce \u015awi\u0119tem Pracy. Naszymi modlitwami przez wstawiennictwo \u015bw. J\u00f3zefa Rzemie\u015blnika pro\u015bmy o wra\u017cliwo\u015b\u0107 sumie\u0144 i \u0142ad moralny w naszym \u017cyciu rodzinnym i spo\u0142ecznym.<\/p>\n<p>5. We wtorek, 2 maja, przypada doroczny Dzie\u0144 Polonii i Dzie\u0144 Flagi Rzeczypospolitej Polskiej. Nie zapomnijmy te\u017c o wywieszeniu flag, by w ten spos\u00f3b zademonstrowa\u0107 nasze przywi\u0105zanie do barw narodowych.<\/p>\n<p>6. W \u015brod\u0119, 3 maja, b\u0119dziemy prze\u017cywali uroczysto\u015b\u0107 Naj\u015bwi\u0119tszej Maryi Panny, Kr\u00f3lowej Polski, g\u0142\u00f3wnej patronki naszej Ojczyzny. Porz\u0105dek nabo\u017ce\u0144stw jak w niedziele. Uroczy\u015bcie ponowimy te\u017c Akt oddania Polski pod opiek\u0119 Matki Bo\u017cej.<\/p>\n<p>7. W tym tygodniu przypadaj\u0105 pierwszy czwartek, pi\u0105tek i sobota miesi\u0105ca. Spowied\u017a w tym miesi\u0105cu dla dzieci i m\u0142odzie\u017cy gimnazjalnej b\u0119dzie w czwartek od 17.30. oraz katecheza po\u0142\u0105czona z nabo\u017ce\u0144stwem uwielbienia dla Kl I i II i III Gm po Mszy \u015bw.<\/p>\n<p>8. W ka\u017cdy I-szy pi\u0105tek miesi\u0105ca godzin\u0119 wcze\u015bniej \/17.00\/ przed Msz\u0105 \u015bw. popo\u0142udniow\u0105 \/18.00\/ rozpoczyna si\u0119 adoracja N. Sakramentu \u2013 podczas adoracji spowied\u017a \u2013zako\u0144czona nabo\u017ce\u0144stwem 1-szopi\u0105tkowym. W pozosta\u0142e pi\u0105tki miesi\u0105ca adoracja p\u00f3\u0142 godziny przed Msz\u0105 \u015bw. Cel \u2013wynagrodzenie Sercu Jezusowemu za grzechy w\u0142asne i ca\u0142ego \u015bwiata.<\/p>\n<p>9. W ka\u017cd\u0105 1-sz\u0105 sobot\u0119 miesi\u0105ca p\u00f3\u0142 godziny przed Msz\u0105 \u015bw. popo\u0142udniow\u0105 1-dna cz\u0119\u015b\u0107 R\u00f3\u017ca\u0144ca, 15 min rozwa\u017cania, akt oddania Niep. Sercu Maryi Msza \u015bw. i Komunia \u015bw. w ramach 1-szych sob\u00f3t miesi\u0105ca \u2013 Istot\u0105 tego nabo\u017ce\u0144stwa jest wynagrodzenie za grzechy pope\u0142nione przeciwko Niepokalanemu Sercu Naj\u015bwi\u0119tszej Maryi Panny.<\/p>\n<p>10. W I pi\u0105tek odwiedzimy z Komuni\u0105 \u015aw. starszych i chorych parafian. prosz\u0119 o zg\u0142oszenie chorych dzi\u015b po nabo\u017ce\u0144stwach w zakrystii:<br \/>\nBiadoliny Szlacheckie i Per\u0142a w pi\u0105tek o godz.. 14.00<br \/>\nBiadoliny Rad\u0142owskie r\u00f3wnie\u017c w pi\u0105tek o godz.. 10.00<\/p>\n<p>11. Msze \u015bw. Gregoria\u0144skie i pogrzebowe b\u0119d\u0105 odprawiane:<br \/>\n+ Maria WO\u0141EK: Ks. Przyby\u0142o w DKE w Tarnowie od 4.V.<br \/>\n+Marian OPIO\u0141A w maju i +Wawrzyniec WO\u0141EK w i czerwcu\u2013Ks. Grzegorz Podolowski Ukraina<br \/>\n+Karolina SZYD\u0141OWSKA i +Mieczys\u0142aw KURTYKA -Ks. Stanis\u0142aw Worwa \u2013misje<br \/>\nPonadto Intencje pogrzebowe Ks. Grzegorz Podolowski Ukraina: +Aleksandra WID\u0141O \u2013 4 , +Stanis\u0142aw WID\u0141O \u2013 15, +Genowefa WI\u0118CEK \u2013 11, +Tadeusz OJCZYK \u2013 22<\/p>\n<p>12. Program Odpustu w Szczepanowie od 1-do8 V \u2013 na afiszu tablica og\u0142osze\u0144. Nasza parafia ma wyznaczone nabo\u017ce\u0144stwo we wtorek godz. 18.00. Wyjazd w w\u0142asnym zakresie w tym lub w innym dniu.<\/p>\n<p>13. <a href=\"http:\/\/www.parafiabiadoliny.pl\/?page_id=169\" target=\"_blank\" rel=\"noopener noreferrer\">MSZE \u015aWI\u0118TE<\/a>:<br \/>\nCodziennie RANO: g. 7.00 i WIECZOREM: g. 18.00 (w \u015brod\u0119 &#8211; porz\u0105dek niedzielny: g. 7.30, 9.30, 11.00, 15,00).<\/p>\n<p>14. Rozliczenie z przeprowadzonych prac.<br \/>\n15. KOMUNIKAT.<br \/>\n16. <a href=\"http:\/\/www.parafiabiadoliny.pl\/?page_id=778\" target=\"_blank\" rel=\"noopener noreferrer\">REGULAMIN CMENTARZA<\/a>.<\/p>\n<p>&nbsp;<\/p>\n","protected":false},"excerpt":{"rendered":"","protected":false},"author":2,"featured_media":783,"comment_status":"closed","ping_status":"closed","sticky":false,"template":"","format":"standard","meta":{"_exactmetrics_skip_tracking":false,"_exactmetrics_sitenote_active":false,"_exactmetrics_sitenote_note":"","_exactmetrics_sitenote_category":0,"ngg_post_thumbnail":0,"footnotes":""},"categories":[3],"tags":[10,11,8,7,9,5,6,12],"class_list":{"0":"entry","1":"post","2":"publish","3":"author-ks-zbigniew-dudek","4":"has-more-link","5":"post-774","7":"format-standard","8":"has-post-thumbnail","9":"category-ogloszenia-duszpasterskie","10":"post_tag-biadoliny-radlowskie","11":"post_tag-biadoliny-szlacheckie","12":"post_tag-ogloszenia-duszpasterskie","13":"post_tag-ogloszenia-parafialne","14":"post_tag-parafia-biadoliny","15":"post_tag-parafia-pw-najswietszego-serca-pana-jezusa-w-biadolinach","16":"post_tag-parafia-pw-nspj-w-biadolinach","17":"post_tag-perla"},"_links":{"self":[{"href":"https:\/\/nspjbiadoliny.pl\/index.php?rest_route=\/wp\/v2\/posts\/774","targetHints":{"allow":["GET"]}}],"collection":[{"href":"https:\/\/nspjbiadoliny.pl\/index.php?rest_route=\/wp\/v2\/posts"}],"about":[{"href":"https:\/\/nspjbiadoliny.pl\/index.php?rest_route=\/wp\/v2\/types\/post"}],"author":[{"embeddable":true,"href":"https:\/\/nspjbiadoliny.pl\/index.php?rest_route=\/wp\/v2\/users\/2"}],"replies":[{"embeddable":true,"href":"https:\/\/nspjbiadoliny.pl\/index.php?rest_route=%2Fwp%2Fv2%2Fcomments&post=774"}],"version-history":[{"count":5,"href":"https:\/\/nspjbiadoliny.pl\/index.php?rest_route=\/wp\/v2\/posts\/774\/revisions"}],"predecessor-version":[{"id":785,"href":"https:\/\/nspjbiadoliny.pl\/index.php?rest_route=\/wp\/v2\/posts\/774\/revisions\/785"}],"wp:featuredmedia":[{"embeddable":true,"href":"https:\/\/nspjbiadoliny.pl\/index.php?rest_route=\/wp\/v2\/media\/783"}],"wp:attachment":[{"href":"https:\/\/nspjbiadoliny.pl\/index.php?rest_route=%2Fwp%2Fv2%2Fmedia&parent=774"}],"wp:term":[{"taxonomy":"category","embeddable":true,"href":"https:\/\/nspjbiadoliny.pl\/index.php?rest_route=%2Fwp%2Fv2%2Fcategories&post=774"},{"taxonomy":"post_tag","embeddable":true,"href":"https:\/\/nspjbiadoliny.pl\/index.php?rest_route=%2Fwp%2Fv2%2Ftags&post=774"}],"curies":[{"name":"wp","href":"https:\/\/api.w.org\/{rel}","templated":true}]}}