{"id":764,"date":"2017-04-18T22:36:25","date_gmt":"2017-04-18T20:36:25","guid":{"rendered":"http:\/\/www.parafiabiadoliny.pl\/?p=764"},"modified":"2017-04-19T19:44:08","modified_gmt":"2017-04-19T17:44:08","slug":"764","status":"publish","type":"post","link":"https:\/\/nspjbiadoliny.pl\/?p=764","title":{"rendered":"Og\u0142oszenia duszpasterskie &#8211; 16 kwietnia 2017 r."},"content":{"rendered":"<p><!--more--><br \/>\n<strong> Niedziela Zmartwychwstania Pa\u0144skiego &#8211; 16 kwietnia 2017 roku <\/strong><br \/>\nOg\u0142oszenia duszpasterskie<\/p>\n<p>1. <strong> Mi\u0142o\u015b\u0107 ostatecznie zwyci\u0119\u017ca \u015bmier\u0107. <\/strong> Grzech i jego owoc, to znaczy \u015bmier\u0107, nie jest ju\u017c w stanie zagrodzi\u0107 nam drogi do domu Ojca. Przez Jezusa w Duchu \u015awi\u0119tym mamy na zawsze otwarty dost\u0119p do Ojca pe\u0142nego mi\u0142osierdzia. Niech to b\u0119dzie najlepsze wielkanocne \u017cyczenie: aby ka\u017cdy z nas do\u015bwiadczy\u0142 i przyj\u0105\u0142 t\u0119 zwyci\u0119sk\u0105 mi\u0142o\u015b\u0107 Boga Ojca. Ogarni\u0119ci Bo\u017c\u0105 mi\u0142o\u015bci\u0105 dzielmy si\u0119 tym darem z naszymi bra\u0107mi. Potrzeba bowiem tej mi\u0142o\u015bci w ka\u017cdym wymiarze naszego \u017cycia, zw\u0142aszcza spo\u0142ecznym i narodowym. Wsp\u00f3\u0142czesno\u015b\u0107 ci\u0105gle domaga si\u0119 od nas \u015bwiadectwa, \u017ce rzeczywi\u015bcie tylko na Chrystusie i Jego zwyci\u0119stwie nad wszelkim z\u0142em, na g\u0142oszonej przez Niego prawdzie, sprawiedliwo\u015bci i mi\u0142o\u015bci mo\u017cna budowa\u0107 lepsz\u0105 przysz\u0142o\u015b\u0107.<\/p>\n<p>2. Dzi\u015b Msze \u015awi\u0119te wg porz\u0105dku niedzielnego o godz. 15.00 z koronk\u0105 do mi\u0142osierdzia Bo\u017cego.<\/p>\n<p>3. Tradycyjnie w drugi dzie\u0144 \u015awi\u0105t Wielkanocnych ofiary z\u0142o\u017cymy ofiary na wydzia\u0142y teologiczne i uczelnie katolickie w Polsce. B\u00f3g zap\u0142a\u0107 za ofiary sk\u0142adane przy okazji adoracji Krzy\u017ca na Ziemi\u0119 \u015awi\u0119t\u0105.<\/p>\n<p>4. W ramach \u015bwi\u0105tecznego popo\u0142udniowego wypoczynku, pami\u0119tajmy tak\u017ce o chwili modlitwy przy grobach naszych najbli\u017cszych, kt\u00f3rzy teraz oczekuj\u0105 na pe\u0142ny udzia\u0142 w Jego zmartwychwstaniu.<\/p>\n<p>5. W przysz\u0142\u0105 niedziel\u0119 \u2013 drug\u0105 niedziel\u0119 Wielkanocy, czyli niedziel\u0119 Mi\u0142osierdzia Bo\u017cego, rozpocznie si\u0119 Tydzie\u0144 Mi\u0142osierdzia. W tym dniu obchodzi\u0107 b\u0119dziemy \u015bwi\u0119to patronalne Caritas.<\/p>\n<p>6. Z wielkanocnym pozdrowieniem oraz serdeczn\u0105 modlitw\u0105 podczas tych WIELKICH DNI \u2013 wdzi\u0119czny wszystkim \u2013 za wszelk\u0105 pomoc w prze\u017cywaniu wielkich tajemnic naszego zbawienia sk\u0142adam Chrze\u015bcija\u0144skie \u201eB\u00f3g zap\u0142a\u0107\u201d.<\/p>\n<p>7. <a href=\"http:\/\/www.parafiabiadoliny.pl\/?page_id=169\" target=\"_blank\">MSZE \u015aWI\u0118TE<\/a>:<br \/>\nRANO: od wtorku do soboty &#8211; o 7.00,<br \/>\nWIECZOREM: \u015broda, pi\u0105tek, sobota &#8211; o 18.00.<\/p>\n","protected":false},"excerpt":{"rendered":"","protected":false},"author":2,"featured_media":768,"comment_status":"closed","ping_status":"closed","sticky":false,"template":"","format":"standard","meta":{"_exactmetrics_skip_tracking":false,"_exactmetrics_sitenote_active":false,"_exactmetrics_sitenote_note":"","_exactmetrics_sitenote_category":0,"ngg_post_thumbnail":0,"footnotes":""},"categories":[3],"tags":[10,11,8,7,9,5,6,12],"class_list":{"0":"entry","1":"post","2":"publish","3":"author-ks-zbigniew-dudek","4":"has-more-link","5":"post-764","7":"format-standard","8":"has-post-thumbnail","9":"category-ogloszenia-duszpasterskie","10":"post_tag-biadoliny-radlowskie","11":"post_tag-biadoliny-szlacheckie","12":"post_tag-ogloszenia-duszpasterskie","13":"post_tag-ogloszenia-parafialne","14":"post_tag-parafia-biadoliny","15":"post_tag-parafia-pw-najswietszego-serca-pana-jezusa-w-biadolinach","16":"post_tag-parafia-pw-nspj-w-biadolinach","17":"post_tag-perla"},"_links":{"self":[{"href":"https:\/\/nspjbiadoliny.pl\/index.php?rest_route=\/wp\/v2\/posts\/764","targetHints":{"allow":["GET"]}}],"collection":[{"href":"https:\/\/nspjbiadoliny.pl\/index.php?rest_route=\/wp\/v2\/posts"}],"about":[{"href":"https:\/\/nspjbiadoliny.pl\/index.php?rest_route=\/wp\/v2\/types\/post"}],"author":[{"embeddable":true,"href":"https:\/\/nspjbiadoliny.pl\/index.php?rest_route=\/wp\/v2\/users\/2"}],"replies":[{"embeddable":true,"href":"https:\/\/nspjbiadoliny.pl\/index.php?rest_route=%2Fwp%2Fv2%2Fcomments&post=764"}],"version-history":[{"count":4,"href":"https:\/\/nspjbiadoliny.pl\/index.php?rest_route=\/wp\/v2\/posts\/764\/revisions"}],"predecessor-version":[{"id":770,"href":"https:\/\/nspjbiadoliny.pl\/index.php?rest_route=\/wp\/v2\/posts\/764\/revisions\/770"}],"wp:featuredmedia":[{"embeddable":true,"href":"https:\/\/nspjbiadoliny.pl\/index.php?rest_route=\/wp\/v2\/media\/768"}],"wp:attachment":[{"href":"https:\/\/nspjbiadoliny.pl\/index.php?rest_route=%2Fwp%2Fv2%2Fmedia&parent=764"}],"wp:term":[{"taxonomy":"category","embeddable":true,"href":"https:\/\/nspjbiadoliny.pl\/index.php?rest_route=%2Fwp%2Fv2%2Fcategories&post=764"},{"taxonomy":"post_tag","embeddable":true,"href":"https:\/\/nspjbiadoliny.pl\/index.php?rest_route=%2Fwp%2Fv2%2Ftags&post=764"}],"curies":[{"name":"wp","href":"https:\/\/api.w.org\/{rel}","templated":true}]}}