{"id":699,"date":"2017-03-31T04:05:09","date_gmt":"2017-03-31T04:05:09","guid":{"rendered":"http:\/\/www.parafiabiadoliny.pl\/?p=699"},"modified":"2017-03-31T04:05:09","modified_gmt":"2017-03-31T04:05:09","slug":"4-n-wielkiego-postu-26-03-2017r","status":"publish","type":"post","link":"https:\/\/nspjbiadoliny.pl\/?p=699","title":{"rendered":"4 N. Wielkiego Postu  -26.03.2017r."},"content":{"rendered":"<p><strong><u>REKOLEKCJE WIELKOPOSTNE\u00a0 02.04.- 05.04.2017r.<\/u><\/strong><\/p>\n<h3>NIEDZIELA: &#8211; 02 kwiecie\u0144<\/h3>\n<p><strong><u>\u00a0\u00a0 7.30<\/u><\/strong> &#8211; Msza \u015bwi\u0119ta i <strong>nauka og\u00f3lne \u2013dla wszystkich <\/strong><\/p>\n<p><strong><u>\u00a0<\/u><\/strong><\/p>\n<p><strong><u>9.30 <\/u><\/strong><strong>&#8211; <\/strong>Msza \u015bwi\u0119ta z <strong>nauk\u0105 stanow\u0105 dla <\/strong><strong><u>M\u0141ODZIE\u017bY<\/u><\/strong><\/p>\n<p><strong><u>\u00a0<\/u><\/strong><\/p>\n<p><strong><u>11.00<\/u><\/strong><strong> &#8211; <\/strong>\u00a0Msza \u015bwi\u0119ta i <strong>nauka og\u00f3lne dla wszystkich<\/strong><\/p>\n<p><strong><u>\u00a0<\/u><\/strong><\/p>\n<p><strong><u>15.00<\/u><\/strong><strong> \u2013 Gorzkie \u017bale i Kazanie Pasyjne<\/strong><\/p>\n<p><strong><u>\u00a0<\/u><\/strong><\/p>\n<p><strong><u>15.45 &#8211; \u00a0Msza \u015bw. <\/u><\/strong><\/p>\n<p><strong><u>\u00a0<\/u><\/strong><\/p>\n<p><strong><u>16.15 &#8211; <\/u><\/strong>\u00a0<strong>nauka stanowa dla ma\u0142\u017conk\u00f3w i rodzic\u00f3w<\/strong><\/p>\n<p>&nbsp;<\/p>\n<p><strong><u>PONIEDZIA\u0141EK: &#8211; 03<\/u><\/strong> <strong><u>kwiecie\u0144<\/u><\/strong><\/p>\n<p><strong><u>\u00a0 8.00<\/u><\/strong><strong> &#8211; <\/strong><strong>Msza \u015bwi\u0119ta i<\/strong> <strong>nauka og\u00f3lne <\/strong><\/p>\n<p><strong><u>\u00a0<\/u><\/strong><\/p>\n<p><strong><u>10.00<\/u><\/strong> &#8211; \u00a0<strong>nauka<\/strong><strong> rekolekcyjna dla dzieci szkolnych <\/strong><\/p>\n<p><strong><u>10.<\/u><\/strong><strong>30 &#8211; Msza \u015bwi\u0119ta dla dzieci i m\u0142odzie\u017cy razem<\/strong><\/p>\n<p><strong><u>11.<\/u><\/strong><strong>00 &#8211; nauka rekolekcyjna dla m\u0142odzie\u017cy gimnazjalnej<\/strong><\/p>\n<p><strong>\u00a0<\/strong><\/p>\n<p><strong><u>15.00 <\/u><\/strong><strong>&#8211; Msza \u015bwi\u0119ta z nauk\u0105 dla starszych i w podesz\u0142ym wieku<\/strong><\/p>\n<p><strong><u>\u00a0<\/u><\/strong><\/p>\n<p><strong><u>17.00<\/u><\/strong> \u2013 <strong>Msza \u015bw.i <\/strong>n<strong>auka<\/strong> <strong>og\u00f3lne <\/strong><\/p>\n<p><strong><u>18.00<\/u><\/strong><strong> \u2013 nauka stanowa dla ma\u0142\u017conk\u00f3w i rodzic\u00f3w<\/strong><\/p>\n<p><strong>\u00a0<\/strong><\/p>\n<h2>WTOREK:\u00a0 04 kwiecie\u0144 &#8211; DZIE\u0143 POJEDNANIA<\/h2>\n<p><strong><u>8.00<\/u><\/strong><strong> &#8211; <\/strong><strong>Msza \u015bwi\u0119ta i<\/strong> <strong>nauka og\u00f3lne <\/strong><\/p>\n<p><strong><u>\u00a0<\/u><\/strong><\/p>\n<p><strong><u>9.00 \u2013 10.00 <\/u><\/strong><strong>&#8211; spowied\u017a \u015bw. dla doros\u0142ych<\/strong><\/p>\n<p><strong><u>10.00 \u2013 10.30 &#8211;<\/u><\/strong><strong> Nab. S\u0142owa Bo\u017cego i nauka pokutna dla dla dzieci i m\u0142odzie\u017cy gimn.<\/strong><\/p>\n<p><strong><u>10.30 \u2013 12.00 &#8211; <\/u><\/strong><strong>spowied\u017a \u015bw. <\/strong><\/p>\n<p><strong><u>\u00a0<\/u><\/strong><\/p>\n<p><strong><u>15.00 \u2013 16.00\u00a0 <\/u><\/strong><strong>spowied\u017a \u015bw. dla doros\u0142ych i dzieci<\/strong><\/p>\n<p><strong><u>16.00 \u2013 16.30 &#8211; przerwa w spowiedzi<\/u><\/strong><\/p>\n<p><strong><u>16.30 \u2013 17.30 <\/u><\/strong><strong>&#8211; spowied\u017a \u015bw.<\/strong><\/p>\n<p><strong>\u00a0<\/strong><\/p>\n<p><strong><u>17.30<\/u><\/strong><strong> &#8211; <\/strong><strong>Msza \u015bwi\u0119ta i nauka og\u00f3lne<\/strong><\/p>\n<h1><\/h1>\n<h1>\u015aRODA:\u00a0 05 kwiecie\u0144<\/h1>\n<p><strong><u>\u00a0 8.00<\/u><\/strong><strong> &#8211; <\/strong>Msza \u015bwi\u0119ta i nauka og\u00f3lna<strong> i b\u0142ogos\u0142awie\u0144stwo na zako\u0144czenie<\/strong><\/p>\n<p><strong>\u00a0<\/strong><\/p>\n<p><strong><u>10.00<\/u><\/strong><strong> &#8211;\u00a0 <\/strong><u>Msza \u015bwi\u0119ta dla dzieci i m\u0142odzie\u017cy <\/u><strong>nauka rekolekcyjna dla dzieci szkolnych <\/strong><\/p>\n<p><strong>\u00a0<\/strong><\/p>\n<p><strong><u>16.00<\/u><\/strong><strong> &#8211;<\/strong> <strong>Msza \u015bwi\u0119ta i nauka og\u00f3lna oraz b\u0142ogos\u0142awie\u0144stwo na zako\u0144czenie<\/strong><\/p>\n<p><strong>\u00a0<\/strong><\/p>\n<p><strong><u>17.30<\/u><\/strong><strong> \u2013 Msza \u015bw. i nauka og\u00f3lne oraz b\u0142ogos\u0142awie\u0144stwo na zako\u0144czenie<\/strong><\/p>\n<p><strong><u>CZWARTA NIEDZIELA WIELKIEGO POSTU\u00a0\u00a0\u00a0\u00a0\u00a0\u00a0\u00a0\u00a0\u00a0\u00a0\u00a0\u00a0\u00a0\u00a0\u00a0\u00a0\u00a0\u00a0\u00a0\u00a0\u00a0\u00a0\u00a0\u00a0\u00a0\u00a0\u00a0\u00a0\u00a0\u00a0\u00a0\u00a0\u00a0\u00a0\u00a0\u00a0\u00a0\u00a0\u00a0\u00a0\u00a0\u00a0\u00a0\u00a0\u00a0\u00a0\u00a0\u00a0\u00a0\u00a0 \u00a0\u00a0\u00a0\u00a0\u00a0\u00a0\u00a0\u00a0\u00a0\u00a0\u00a0\u00a0\u00a0\u00a0\u00a0 26 marca 2017<\/u><\/strong><\/p>\n<p><strong><u>OG\u0141OSZENIA DUSZPASTERSKIE<\/u><\/strong><\/p>\n<ol>\n<li><strong><u>Dzisiejsza, ju\u017c czwarta niedziela Wielkiego Postu r\u00f3\u017cni si\u0119 nieco od pozosta\u0142ych<\/u><\/strong>. W tradycji Ko\u015bcio\u0142a nazywamy j\u0105 niedziel\u0105<em> Laetare<\/em>, czyli niedziel\u0105 rado\u015bci. W po\u0142owie Wielkiego Postu Ko\u015bci\u00f3\u0142 wzywa wiernych do rado\u015bci, aby wszyscy podejmuj\u0105cy trud przemiany serca wytrwali w tym nie\u0142atwym codziennym wysi\u0142ku.<\/li>\n<li><strong><u>Od nast\u0119pnej niedzieli t.j. od 2.kwietnia 2017 rozpoczynamy WIELKOPOSTNE REKOLEKCJE PARAFIALNE \u2013a oto program rekolekcji, <\/u><\/strong><\/li>\n<li><strong><u>Po rozmowie w Kurii \u00a0Diecezjalnej w Tarnowie<\/u><\/strong> oraz przed\u0142o\u017ceniu i uzyskaniu akceptacji wydany zosta\u0142<u> R<strong>egulamin Cmentarny<\/strong><\/u> naszego cmentarza parafialnego, kt\u00f3ry to regulamin og\u0142oszony we w\u0142a\u015bciwym trybie zgodnie z przepisami zostanie podany do publicznej wiadomo\u015bci w og\u0142oszeniach parafialnych na tablicy og\u0142osze\u0144, na cmentarzu i na stronie internetowej Parafii. <u>Celem regulaminu jest uporz\u0105dkowanie<\/u> wszystkich spraw zwi\u0105zanych z funkcjonowaniem cmentarza i okre\u015blenie praw i obowi\u0105zk\u00f3w nas wszystkich. Nie podporz\u0105dkowanie si\u0119 regulaminowi b\u0119dzie skutkowa\u0142o i wi\u0105za\u0142o si\u0119 z odpowiedzialno\u015bci\u0105 karn\u0105 Kodeksu Prawa Cywilnego i Kodeksu Prawa Kanonicznego<\/li>\n<li><strong><u>Zwr\u00f3ci\u0142em si\u0119 do P. Burmistrza Miasta Wojnicz <\/u><\/strong>poniewa\u017c cmentarz parafialny pe\u0142ni funkcj\u0119 cmentarza tak\u017ce komunalnego, aby zleci\u0142 miejscowej Sp\u00f3\u0142ce Wodnej przeprowadzi\u0107 przegl\u0105d i napraw\u0119 sieci melioracyjnej,\u00a0 kt\u00f3ra przebiega w pobli\u017cu terenu cmentarza, zbieraj\u0105c wody z okolicznych \u00a0teren\u00f3w. Sp\u00f3\u0142ka wodna dysponuje stosown\u0105 dokumentacj\u0105 co pozwoli na ustalenie gdzie znajduj\u0105 si\u0119 uszkodzenia sieci trakcji i ci\u0105g\u00f3w wodnych.<\/li>\n<li><strong><u>Wielki Post, kt\u00f3ry prze\u017cywamy, to wyj\u0105tkowa okazja<\/u><\/strong>, aby ugruntowa\u0107 w sobie cz\u0142owieka prawego sumienia i autentycznie zaanga\u017cowanego w budowanie kr\u00f3lestwa Bo\u017cego w naszych rodzinach, we wsp\u00f3lnocie parafialnej, w\u00a0miejscach pracy i w ca\u0142ym spo\u0142ecze\u0144stwie.<\/li>\n<li><strong><u>Dzisiejsza niedziela przykrywa wspomnienie Dobrego \u0141otra.<\/u><\/strong> Wszyscy \u017cyciowo pogubieni zwracaj\u0105 si\u0119 do niego o pomoc i wstawiennictwo, poniewa\u017c jest on wzorem doskona\u0142ego \u017calu za grzechy.<\/li>\n<li>\u00a0<strong><u>B\u00f3g zap\u0142a\u0107 za z\u0142o\u017cone ofiary<\/u><\/strong> z racji 3-ej niedzieli miesi\u0105ca na cele gospodarcze. Ofiary zebrane wynios\u0142y <strong><u>814 z\u0142<\/u><\/strong>.<\/li>\n<li><strong><u>W duchu wielkopostnej solidarno\u015bci wspierajmy<\/u><\/strong> w tym czasie dzia\u0142alno\u015b\u0107 charytatywnych instytucji Ko\u015bcio\u0142a, zw\u0142aszcza Caritasu, kt\u00f3ra tak skutecznie, cho\u0107 bez wielkiego rozg\u0142osu, pomaga najubo\u017cszym w ca\u0142ej Polsce oraz ludziom do\u015bwiadczonym kl\u0119skami \u017cywio\u0142owymi. <strong><u>Cz\u0142onkinie Caritas rozprowadzaj\u0105 baranki<\/u><\/strong> wielkanocne i paschaliki.<\/li>\n<li><strong><u>W tym tygodniu przypada pierwsza sobota miesi\u0105ca<\/u><\/strong>. Powierzymy nasz\u0105 wsp\u00f3lnot\u0119, ka\u017cde rodz\u0105ce si\u0119 w niej i godnie ko\u0144cz\u0105ce si\u0119 \u017cycie Sercu Maryi \u2013 najlepszej z matek. <strong><u>W tym dniu po Mszy \u015bw. popo\u0142udniowej o godz. 17.00,<\/u><\/strong> zorganizowana jest droga Krzy\u017cowa w terenie przez Akcj\u0119 Katolick\u0105. Udzia\u0142 w niej niech b\u0119dzie przygotowaniem do rekolekcji wielkopostnych, kt\u00f3re rozpoczynamy w niedziel\u0119.<\/li>\n<li><strong><u>MSZE \u015aWI\u0118TE<\/u><\/strong><\/li>\n<\/ol>\n<ul>\n<li><strong><u>RANO:<\/u><\/strong> od poniedzia\u0142ku do soboty o <strong>00.<\/strong><\/li>\n<li><strong><u>WIECZOREM<\/u><\/strong>:- \u015broda, pi\u0105tek \u2013 <strong><u>00<\/u><\/strong> i I sobota &#8211; <strong><u>o 17.00<\/u><\/strong><\/li>\n<\/ul>\n<ol start=\"11\">\n<li><strong><u>W poniedzia\u0142ek j. jutro o godz. 15.30 w Parafii Por\u0105bka Uszewska<\/u><\/strong>, uczniowie klasy III Gm., kt\u00f3rzy odpowiednio si\u0119 przygotowali, przyjm\u0105 sakrament Bierzmowania, aby odt\u0105d w pe\u0142ni dawa\u0107 \u015bwiadectwo swojej wiary i kszta\u0142towa\u0107 j\u0105 w sobie i swoich \u015brodowiskach.<\/li>\n<li><strong><u>Prasa Katolicka<\/u><\/strong><u>:<\/u> Go\u015b\u0107 Niedzielny<\/li>\n<li><u><\/u><u>INTENCJE MSZALNE:<\/u><\/li>\n<\/ol>\n<p><u>\u00a0Komunikaty<\/u>: <strong><u>a)<\/u><\/strong> w niedziel\u0119 2.IV u<strong>czniowie Szko\u0142y Podst. i Gimnazjum<\/strong> przeprowadz\u0105 kiermasz ozd\u00f3b wielkanocnych przed ko\u015bcio\u0142em. <strong><u>b)<\/u><\/strong> p<strong>romocja Ksi\u0105\u017ck<\/strong>i \u201eBiadoliny-stacja kolei galicyjskiej\u201d W\u0142adys\u0142awa Kurtki i spotkanie autorskie dzi\u015b o 16.00 w bibliotece w szkole w Biad. Rad\u0142owskich.<\/p>\n<p>&nbsp;<\/p>\n<p>&nbsp;<\/p>\n","protected":false},"excerpt":{"rendered":"<p>REKOLEKCJE WIELKOPOSTNE\u00a0 02.04.- 05.04.2017r. NIEDZIELA: &#8211; 02 kwiecie\u0144 \u00a0\u00a0 7.30 &#8211; Msza \u015bwi\u0119ta i nauka og\u00f3lne \u2013dla wszystkich \u00a0 9.30 &#8211; Msza \u015bwi\u0119ta z nauk\u0105 stanow\u0105 dla M\u0141ODZIE\u017bY \u00a0 11.00 &#8211; \u00a0Msza \u015bwi\u0119ta i nauka og\u00f3lne dla wszystkich \u00a0 15.00 \u2013 Gorzkie \u017bale i Kazanie Pasyjne \u00a0 15.45 &#8211; \u00a0Msza \u015bw. \u00a0 16.15 &#8211; \u00a0nauka &#8230; <span class=\"more\"><a class=\"more-link\" href=\"https:\/\/nspjbiadoliny.pl\/?p=699\">[Czytaj wi\u0119cej&#8230;]<\/a><\/span><\/p>\n","protected":false},"author":2,"featured_media":0,"comment_status":"closed","ping_status":"closed","sticky":false,"template":"","format":"standard","meta":{"_exactmetrics_skip_tracking":false,"_exactmetrics_sitenote_active":false,"_exactmetrics_sitenote_note":"","_exactmetrics_sitenote_category":0,"ngg_post_thumbnail":0,"footnotes":""},"categories":[1],"tags":[],"class_list":{"0":"entry","1":"post","2":"publish","3":"author-ks-zbigniew-dudek","4":"post-699","6":"format-standard","7":"category-uncategorized"},"_links":{"self":[{"href":"https:\/\/nspjbiadoliny.pl\/index.php?rest_route=\/wp\/v2\/posts\/699","targetHints":{"allow":["GET"]}}],"collection":[{"href":"https:\/\/nspjbiadoliny.pl\/index.php?rest_route=\/wp\/v2\/posts"}],"about":[{"href":"https:\/\/nspjbiadoliny.pl\/index.php?rest_route=\/wp\/v2\/types\/post"}],"author":[{"embeddable":true,"href":"https:\/\/nspjbiadoliny.pl\/index.php?rest_route=\/wp\/v2\/users\/2"}],"replies":[{"embeddable":true,"href":"https:\/\/nspjbiadoliny.pl\/index.php?rest_route=%2Fwp%2Fv2%2Fcomments&post=699"}],"version-history":[{"count":1,"href":"https:\/\/nspjbiadoliny.pl\/index.php?rest_route=\/wp\/v2\/posts\/699\/revisions"}],"predecessor-version":[{"id":700,"href":"https:\/\/nspjbiadoliny.pl\/index.php?rest_route=\/wp\/v2\/posts\/699\/revisions\/700"}],"wp:attachment":[{"href":"https:\/\/nspjbiadoliny.pl\/index.php?rest_route=%2Fwp%2Fv2%2Fmedia&parent=699"}],"wp:term":[{"taxonomy":"category","embeddable":true,"href":"https:\/\/nspjbiadoliny.pl\/index.php?rest_route=%2Fwp%2Fv2%2Fcategories&post=699"},{"taxonomy":"post_tag","embeddable":true,"href":"https:\/\/nspjbiadoliny.pl\/index.php?rest_route=%2Fwp%2Fv2%2Ftags&post=699"}],"curies":[{"name":"wp","href":"https:\/\/api.w.org\/{rel}","templated":true}]}}