{"id":673,"date":"2017-03-12T21:50:27","date_gmt":"2017-03-12T21:50:27","guid":{"rendered":"http:\/\/www.parafiabiadoliny.pl\/?p=673"},"modified":"2017-03-13T12:55:01","modified_gmt":"2017-03-13T12:55:01","slug":"2-niedz-wielkiego-postu-12-03-2017","status":"publish","type":"post","link":"https:\/\/nspjbiadoliny.pl\/?p=673","title":{"rendered":"Og\u0142oszenia duszpasterskie &#8211; 12 marca 2017r. (II N. Wielkiego Postu)"},"content":{"rendered":"<p><!--more--><br \/>\n<strong> II Niedziela Wielkiego Postu &#8211; 12 marca 2017 roku <\/strong><br \/>\nOg\u0142oszenia duszpasterskie<\/p>\n<p>1. Dzi\u015b jest druga niedziela Wielkiego Postu. Ko\u015bci\u00f3\u0142 na r\u00f3\u017cne sposoby pragnie nam pom\u00f3c, aby\u015bmy ten \u015bwi\u0119ty czas prze\u017cyli z jak najwi\u0119kszym duchowym po\u017cytkiem. Czyni to zw\u0142aszcza przez g\u0142oszenie s\u0142owa Bo\u017cego i sprawowanie sakramentu pokuty i pojednania. Czyni to tak\u017ce przez organizowanie w tym czasie rekolekcji, dni skupienia czy specjalnych nabo\u017ce\u0144stw pokutnych. Przypominam, \u017ce w naszym ko\u015bciele w ka\u017cd\u0105 \u015brod\u0119 i pi\u0105tek o godz. 17.00 razem z Chrystusem i Jego bolej\u0105c\u0105 Matk\u0105 przemierzamy drog\u0119 krzy\u017cow\u0105, a w niedziele o godz. 14.30, a godz.. 15.00 rozpami\u0119tujemy m\u0119k\u0119 Pana Jezusa podczas gorzkich \u017cali. Wszystkich parafian zach\u0119cam do licznego udzia\u0142u w tych nabo\u017ce\u0144stwach. Nie lekcewa\u017cmy i nie odrzucajmy mo\u017cliwo\u015bci pog\u0142\u0119bienia wiary i prawdziwego nawr\u00f3cenia oraz \u015bci\u015blejszej wsp\u00f3lnoty z Panem Bogiem i bli\u017animi.<\/p>\n<p>2. W nast\u0119pn\u0105 niedziel\u0119 ofiary sk\u0142adane na tac\u0119 przeznaczone s\u0105 z racji 3-ej niedzieli miesi\u0105ca na cele gospodarcze.<\/p>\n<p>3. Dzisiejsza niedziela nazywana jest niedziel\u0105 Ad Gentes. Naszymi modlitwami obejmujemy tych, kt\u00f3rzy dobr\u0105 nowin\u0119 o zbawieniu nios\u0105 na kra\u0144ce ziemi. Oni cz\u0119sto na wz\u00f3r Chrystusa cierpi\u0105 prze\u015bladowania i p\u0142ac\u0105 najwy\u017csz\u0105 cen\u0119 z w\u0142asnego \u017cycia dla odkupienia innych braci. Ofiarami do puszek przed ko\u015bcio\u0142em wspieramy misjonarzy i wszelkie dzie\u0142a misyjne. Przedstawiciele parafialnego oddzia\u0142u Caritas rozprowadzaj\u0105 przed ko\u015bcio\u0142em baranki wielkanocne i paschaliki. Ofiary zostan\u0105 przeznaczone na pomoc rodzinom b\u0119d\u0105cym w potrzebie.<\/p>\n<p>4. Wpatrzeni w Ukrzy\u017cowanego, z ochoczym sercem podejmujmy trud dobrowolnego umartwienia, jako wynagrodzenie za grzechy nasze i naszych bli\u017anich. Zr\u00f3bmy dobre postanowienia, powstrzymujmy si\u0119 od udzia\u0142u w g\u0142o\u015bnych rozrywkach, od spo\u017cywania napoj\u00f3w alkoholowych, palenia, aby w ten spos\u00f3b wynagrodzi\u0107 Panu Bogu grzechy pija\u0144stwa, rozwi\u0105z\u0142o\u015bci, nieuczciwo\u015bci i wszelki brak pokory. Kochani Rodzice i Wychowawcy, z wi\u0119ksz\u0105 trosk\u0105 sp\u00f3jrzcie w tym czasie na swoje dzieci. To na Was spoczywa obowi\u0105zek dobrego wychowania m\u0142odego pokolenia, tak\u017ce w duchu tradycji i naszej polskiej pobo\u017cno\u015bci.<\/p>\n<p>5. W najbli\u017cszy poniedzia\u0142ek przypada 4. rocznica wyboru papie\u017ca Franciszka na stolic\u0119 Piotrow\u0105. Powierzajmy go Bo\u017cej Opatrzno\u015bci oraz opiece Matki Naj\u015bwi\u0119tszej w naszych osobistych modlitwach, aby bezpiecznie zdo\u0142a\u0142 przeprowadzi\u0107 Ko\u015bci\u00f3\u0142 przez burzliwe wsp\u00f3\u0142czesne czasy.<\/p>\n<p>6. W pi\u0105tek b\u0119dzie mia\u0142a miejsce uroczysto\u015b\u0107 Dnia Patrona Szko\u0142y Ks. J\u00f3zefa \u0141akomy Rozpocz\u0119cie uroczysto\u015bci Msz\u0105 \u015bw. w Ko\u015bciele o godz. 9.00 a nast\u0119pnie cz\u0119\u015bci\u0105 artystyczn\u0105<\/p>\n<p>7. MSZE \u015aWI\u0118TE:<br \/>\nRANO: od poniedzia\u0142ku do soboty &#8211; o 7:00, ponadto w pi\u0105tek o godz. 9.00,<br \/>\nWIEICZOREM: \u015broda, pi\u0105tek, sobota &#8211; o 17.00.<\/p>\n<p>8. Dzieci szkolne otrzymaj\u0105 na katechezach \u201eskarbonki wielkopostne\u201d przeznaczone na gromadzenie drobnych oszcz\u0119dno\u015bci dla biednych. Przynios\u0105 je do o\u0142tarza w procesji z darami ofiarnymi podczas Mszy \u015awi\u0119tej Wieczerzy Pa\u0144skiej w Wielki Czwartek.<\/p>\n<p>9. Prasa katolicka: Go\u015b\u0107 Niedzielny.<\/p>\n<p>10. <a href=\"http:\/\/www.parafiabiadoliny.pl\/?page_id=256\" target=\"_blank\"> PROGRAM REKOLEKCJI WIELKOPOSTNYCH 2017: <\/a><\/p>\n<p><a href=\"http:\/\/www.parafiabiadoliny.pl\/?page_id=256\" target=\"_blank\"> <img fetchpriority=\"high\" decoding=\"async\" class=\"alignnone  wp-image-687\" src=\"http:\/\/www.parafiabiadoliny.pl\/wp-content\/uploads\/2017\/03\/Rekolekcje-wielkopostne-2017-300x94.png\" alt=\"Rekolekcje wielkopostne 2017\" width=\"488\" height=\"153\" srcset=\"https:\/\/nspjbiadoliny.pl\/wp-content\/uploads\/2017\/03\/Rekolekcje-wielkopostne-2017-300x94.png 300w, https:\/\/nspjbiadoliny.pl\/wp-content\/uploads\/2017\/03\/Rekolekcje-wielkopostne-2017-768x241.png 768w, https:\/\/nspjbiadoliny.pl\/wp-content\/uploads\/2017\/03\/Rekolekcje-wielkopostne-2017.png 864w\" sizes=\"(max-width: 488px) 100vw, 488px\" \/> <\/a><\/p>\n","protected":false},"excerpt":{"rendered":"","protected":false},"author":2,"featured_media":676,"comment_status":"closed","ping_status":"closed","sticky":false,"template":"","format":"standard","meta":{"_exactmetrics_skip_tracking":false,"_exactmetrics_sitenote_active":false,"_exactmetrics_sitenote_note":"","_exactmetrics_sitenote_category":0,"ngg_post_thumbnail":0,"footnotes":""},"categories":[3],"tags":[10,11,8,7,9,5,6,12],"class_list":{"0":"entry","1":"post","2":"publish","3":"author-ks-zbigniew-dudek","4":"has-more-link","5":"post-673","7":"format-standard","8":"has-post-thumbnail","9":"category-ogloszenia-duszpasterskie","10":"post_tag-biadoliny-radlowskie","11":"post_tag-biadoliny-szlacheckie","12":"post_tag-ogloszenia-duszpasterskie","13":"post_tag-ogloszenia-parafialne","14":"post_tag-parafia-biadoliny","15":"post_tag-parafia-pw-najswietszego-serca-pana-jezusa-w-biadolinach","16":"post_tag-parafia-pw-nspj-w-biadolinach","17":"post_tag-perla"},"_links":{"self":[{"href":"https:\/\/nspjbiadoliny.pl\/index.php?rest_route=\/wp\/v2\/posts\/673","targetHints":{"allow":["GET"]}}],"collection":[{"href":"https:\/\/nspjbiadoliny.pl\/index.php?rest_route=\/wp\/v2\/posts"}],"about":[{"href":"https:\/\/nspjbiadoliny.pl\/index.php?rest_route=\/wp\/v2\/types\/post"}],"author":[{"embeddable":true,"href":"https:\/\/nspjbiadoliny.pl\/index.php?rest_route=\/wp\/v2\/users\/2"}],"replies":[{"embeddable":true,"href":"https:\/\/nspjbiadoliny.pl\/index.php?rest_route=%2Fwp%2Fv2%2Fcomments&post=673"}],"version-history":[{"count":6,"href":"https:\/\/nspjbiadoliny.pl\/index.php?rest_route=\/wp\/v2\/posts\/673\/revisions"}],"predecessor-version":[{"id":689,"href":"https:\/\/nspjbiadoliny.pl\/index.php?rest_route=\/wp\/v2\/posts\/673\/revisions\/689"}],"wp:featuredmedia":[{"embeddable":true,"href":"https:\/\/nspjbiadoliny.pl\/index.php?rest_route=\/wp\/v2\/media\/676"}],"wp:attachment":[{"href":"https:\/\/nspjbiadoliny.pl\/index.php?rest_route=%2Fwp%2Fv2%2Fmedia&parent=673"}],"wp:term":[{"taxonomy":"category","embeddable":true,"href":"https:\/\/nspjbiadoliny.pl\/index.php?rest_route=%2Fwp%2Fv2%2Fcategories&post=673"},{"taxonomy":"post_tag","embeddable":true,"href":"https:\/\/nspjbiadoliny.pl\/index.php?rest_route=%2Fwp%2Fv2%2Ftags&post=673"}],"curies":[{"name":"wp","href":"https:\/\/api.w.org\/{rel}","templated":true}]}}