{"id":653,"date":"2017-03-06T04:56:28","date_gmt":"2017-03-06T04:56:28","guid":{"rendered":"http:\/\/www.parafiabiadoliny.pl\/?p=653"},"modified":"2017-03-08T21:02:11","modified_gmt":"2017-03-08T21:02:11","slug":"i-niedz-wielkiego-postu-5-marzec-20017","status":"publish","type":"post","link":"https:\/\/nspjbiadoliny.pl\/?p=653","title":{"rendered":"Og\u0142oszenia duszpasterskie &#8211; 5 marca 2017r. (I N. Wielkiego Postu)"},"content":{"rendered":"<p><!--more--><br \/>\n<strong> I Niedziela Wielkiego Postu &#8211; 5 marca 2017 roku <\/strong><br \/>\nOg\u0142oszenia duszpasterskie<\/p>\n<p>1. <strong> Dzisiaj prze\u017cywamy pierwsz\u0105 niedziel\u0119 Wielkiego Postu. <\/strong> Ko\u0144cz\u0105 si\u0119 trwaj\u0105ce od \u015arody Popielcowej kwartalne dni modlitw o ducha pokuty. Starajmy si\u0119, aby owoce duchowe, jakie w tym czasie otrzymamy, promieniowa\u0142y wok\u00f3\u0142 nas, a trud stawania si\u0119 lepszymi ofiarujmy tak\u017ce za innych, zw\u0142aszcza za tych, kt\u00f3rzy obra\u017caj\u0105 Pana Boga i za to nie przepraszaj\u0105.<\/p>\n<p>2. W\u0142\u0105czmy si\u0119 w g\u0142\u0119bokie prze\u017cycie tego czasu przez intensywniejsz\u0105 modlitw\u0119 osobist\u0105 i wsp\u00f3lnotow\u0105. Tej drugiej b\u0119dzie sprzyja\u0142 udzia\u0142 w nabo\u017ce\u0144stwach wielkopostnych: Drog\u0119 Krzy\u017cow\u0105, Gorzkie \u017bale. Do udzia\u0142u w tych nabo\u017ce\u0144stwach zach\u0119cam wszystkich Parafian: dzieci, m\u0142odzie\u017c i doros\u0142ych.<\/p>\n<p>3. Przypominam, \u017ce w Wielkim Po\u015bcie za odm\u00f3wienie modlitwy do Chrystusa ukrzy\u017cowanego: \u201eOto ja, dobry i najs\u0142odszy Jezu\u201d oraz za udzia\u0142 w Drodze Krzy\u017cowej, a tak\u017ce w ka\u017cd\u0105 niedziel\u0119 za udzia\u0142 w nabo\u017ce\u0144stwie Gorzkich \u017bali oraz za odprawienie przynajmniej trzydniowych rekolekcji mo\u017cna uzyska\u0107 odpust zupe\u0142ny.<\/p>\n<p>4. Zapraszamy dzi\u015b o godz. 15.00 na pierwsze gorzkie \u017cale z kazaniem pasyjnym. Natomiast wcze\u015bniej na 14.30 zapraszamy na drog\u0119 krzy\u017cow\u0105:<\/p>\n<p>5. Zapraszamy tak\u017ce w ci\u0105gu tygodnia w ka\u017cd\u0105 \u015brod\u0119 i pi\u0105tek W. Postu na Nabo\u017ce\u0144stwo Drogi Krzy\u017cowej o 17.00. a w niedziele o 14.30<\/p>\n<p>6. Wraz ze \u015arod\u0105 Popielcow\u0105 rozpocz\u0105\u0142 si\u0119 tak\u017ce czas tzw. Komunii \u015bwi\u0119tej wielkanocnej, kt\u00f3ry potrwa a\u017c do niedzieli Zes\u0142ania Ducha \u015awi\u0119tego.<\/p>\n<p>7. B\u00f3g zap\u0142a\u0107 za ostatnie ofiary ze \u015arody Popielcowej przeznaczone na Caritas Diecezjalny, a w dzisiejsz\u0105 niedziel\u0119 ofiary przeznaczone s\u0105 na cele diecezjalne.<\/p>\n<p>8. Obok o\u0142tarza Matki Bo\u017cej \u2013 jak co roku jest skarbonka na kwiaty do Grobu Pa\u0144skiego- [podobnie pod ch\u00f3rem]. B\u00f3g zap\u0142a\u0107 za ofiary na kwiaty.<\/p>\n<p>9. Przysz\u0142a niedziela, druga wielkopostna, to niedziela Ad gentes \u2013 dzie\u0144 modlitwy w intencji misji i misjonarzy. Po Mszach \u015awi\u0119tych b\u0119dziemy mogli materialnie wesprze\u0107 dzie\u0142o misyjne Ko\u015bcio\u0142a, dlatego b\u0119d\u0105 zbierane przy ko\u015bciele ofiary do puszek na og\u00f3lnopolski fundusz dzie\u0142a pomocy misjom \u201eAd gentes\u201d. O przeprowadzenie zbi\u00f3rki prosimy Caritas Parafialny.<\/p>\n<p>10. Parafialne rekolekcje wielkopostne, a zarazem i szkolne rekolekcje dla dzieci i m\u0142odzie\u017cy rozpoczn\u0105 si\u0119 od 5 \u2013niedzieli W. Postu j. od 2 do 5 IV.2017 r. Rekolekcje te poprowadzi Ks. J\u00f3zef Wojnicki \u2013kapelan szpitala w N. S\u0105czu. Program rekolekcji podam bli\u017cej terminu ich rozpocz\u0119cia.<\/p>\n<p>11. MSZE \u015aWI\u0118TE:<br \/>\nRANO: od poniedzia\u0142ku do soboty &#8211; o 7.00,<br \/>\nWIECZOREM: \u015broda, pi\u0105tek, sobota &#8211; o 17.00.<\/p>\n<p>12. Prasa katolicka: Go\u015b\u0107 Niedzielny<\/p>\n<p>13. W \u015brod\u0119, 8 marca, obchodzimy Dzie\u0144 Kobiet. Cho\u0107 to \u015bwiecka uroczysto\u015b\u0107, pami\u0119tajmy w modlitwach o wszystkich kobietach. Wszak kobiety odgrywaj\u0105 szczeg\u00f3ln\u0105 rol\u0119 w \u015bwiecie, w Ko\u015bciele i w rodzinie. Polecajmy ich trud i \u017cycie Panu Bogu i Maryi, kt\u00f3ra jest najpi\u0119kniejszym wzorem \u017cony i matki.<\/p>\n<p>14. KOMUNIKATY.<br \/>\n15. Intencje mszalne.<\/p>\n<p>16. PRZEPISY KO\u015aCIO\u0141A DOTYCZ\u0104CE DNI POKUTY I PRAKTYK POKUTNYCH<\/p>\n<p>Wszyscy wierni, ka\u017cdy na sw\u00f3j spos\u00f3b, obowi\u0105zani s\u0105 na podstawie prawa Bo\u017cego czyni\u0107 pokut\u0119. \u017beby jednak wszyscy przez wsp\u00f3lne zachowanie pokuty z\u0142\u0105czyli si\u0119 mi\u0119dzy sob\u0105, zostaj\u0105 nakazane dni pokuty, w kt\u00f3re wierni powinni modli\u0107 si\u0119 w spos\u00f3b szczeg\u00f3lny, wykonywa\u0107 uczynki pobo\u017cno\u015bci i mi\u0142o\u015bci, podejmowa\u0107 akty umartwienia siebie przez wierniejsze wype\u0142nianie w\u0142asnych obowi\u0105zk\u00f3w, zw\u0142aszcza za\u015b zachowywa\u0107 post i wstrzemi\u0119\u017aliwo\u015b\u0107;<\/p>\n<p>w Ko\u015bciele dniami i okresami pokuty s\u0105 poszczeg\u00f3lne pi\u0105tki ca\u0142ego roku i czas Wielkiego Postu. W okresie Wielkiego Postu katolik nie powinien bra\u0107 udzia\u0142u w hucznej zabawie ani jej urz\u0105dza\u0107. Wstrzemi\u0119\u017aliwo\u015b\u0107 od spo\u017cywania mi\u0119sa nale\u017cy zachowywa\u0107 we wszystkie pi\u0105tki ca\u0142ego roku, chyba \u017ce w danym dniu przypada uroczysto\u015b\u0107. Natomiast wstrzemi\u0119\u017aliwo\u015b\u0107 i post obowi\u0105zuj\u0105 w \u015arod\u0119 Popielcow\u0105 oraz w Wielki Pi\u0105tek;<\/p>\n<p>Prawem o wstrzemi\u0119\u017aliwo\u015bci s\u0105 zwi\u0105zane osoby, kt\u00f3re uko\u0144czy\u0142y 14. rok \u017cycia a\u017c do \u015bmierci, prawem za\u015b o po\u015bcie s\u0105 zwi\u0105zane wszystkie osoby pe\u0142noletnie, czyli te, kt\u00f3re uko\u0144czy\u0142y 18. rok \u017cycia a\u017c do rozpocz\u0119cia 60. roku \u017cycia;<\/p>\n<p>dla s\u0142usznej przyczyny ksi\u0105dz proboszcz mo\u017ce dyspensowa\u0107 od obowi\u0105zku zachowania pokuty lub wstrzemi\u0119\u017aliwo\u015bci od spo\u017cywania mi\u0119sa, albo dokona\u0107 zamiany tego obowi\u0105zku na inne uczynki pobo\u017cne. Trzeba si\u0119 jednak zwr\u00f3ci\u0107 do niego w tej sprawie osobi\u015bcie. W\u0142adze ko\u015bcielne nie zwyk\u0142y udziela\u0107 dyspensy na \u015arod\u0119 Popielcow\u0105 i Wielki Pi\u0105tek.<\/p>\n","protected":false},"excerpt":{"rendered":"","protected":false},"author":2,"featured_media":657,"comment_status":"closed","ping_status":"closed","sticky":false,"template":"","format":"standard","meta":{"_exactmetrics_skip_tracking":false,"_exactmetrics_sitenote_active":false,"_exactmetrics_sitenote_note":"","_exactmetrics_sitenote_category":0,"ngg_post_thumbnail":0,"footnotes":""},"categories":[3],"tags":[10,11,8,7,9,5,6,12],"class_list":{"0":"entry","1":"post","2":"publish","3":"author-ks-zbigniew-dudek","4":"has-more-link","5":"post-653","7":"format-standard","8":"has-post-thumbnail","9":"category-ogloszenia-duszpasterskie","10":"post_tag-biadoliny-radlowskie","11":"post_tag-biadoliny-szlacheckie","12":"post_tag-ogloszenia-duszpasterskie","13":"post_tag-ogloszenia-parafialne","14":"post_tag-parafia-biadoliny","15":"post_tag-parafia-pw-najswietszego-serca-pana-jezusa-w-biadolinach","16":"post_tag-parafia-pw-nspj-w-biadolinach","17":"post_tag-perla"},"_links":{"self":[{"href":"https:\/\/nspjbiadoliny.pl\/index.php?rest_route=\/wp\/v2\/posts\/653","targetHints":{"allow":["GET"]}}],"collection":[{"href":"https:\/\/nspjbiadoliny.pl\/index.php?rest_route=\/wp\/v2\/posts"}],"about":[{"href":"https:\/\/nspjbiadoliny.pl\/index.php?rest_route=\/wp\/v2\/types\/post"}],"author":[{"embeddable":true,"href":"https:\/\/nspjbiadoliny.pl\/index.php?rest_route=\/wp\/v2\/users\/2"}],"replies":[{"embeddable":true,"href":"https:\/\/nspjbiadoliny.pl\/index.php?rest_route=%2Fwp%2Fv2%2Fcomments&post=653"}],"version-history":[{"count":5,"href":"https:\/\/nspjbiadoliny.pl\/index.php?rest_route=\/wp\/v2\/posts\/653\/revisions"}],"predecessor-version":[{"id":696,"href":"https:\/\/nspjbiadoliny.pl\/index.php?rest_route=\/wp\/v2\/posts\/653\/revisions\/696"}],"wp:featuredmedia":[{"embeddable":true,"href":"https:\/\/nspjbiadoliny.pl\/index.php?rest_route=\/wp\/v2\/media\/657"}],"wp:attachment":[{"href":"https:\/\/nspjbiadoliny.pl\/index.php?rest_route=%2Fwp%2Fv2%2Fmedia&parent=653"}],"wp:term":[{"taxonomy":"category","embeddable":true,"href":"https:\/\/nspjbiadoliny.pl\/index.php?rest_route=%2Fwp%2Fv2%2Fcategories&post=653"},{"taxonomy":"post_tag","embeddable":true,"href":"https:\/\/nspjbiadoliny.pl\/index.php?rest_route=%2Fwp%2Fv2%2Ftags&post=653"}],"curies":[{"name":"wp","href":"https:\/\/api.w.org\/{rel}","templated":true}]}}