{"id":3155,"date":"2026-03-07T19:36:05","date_gmt":"2026-03-07T18:36:05","guid":{"rendered":"https:\/\/nspjbiadoliny.pl\/?p=3155"},"modified":"2026-03-10T10:22:00","modified_gmt":"2026-03-10T09:22:00","slug":"trzecia-niedziela-wielkiego-postu-2","status":"publish","type":"post","link":"https:\/\/nspjbiadoliny.pl\/?p=3155","title":{"rendered":"TRZECIA NIEDZIELA WIELKIEGO POSTU &#8211; 8 marca 2026"},"content":{"rendered":"\n<p><strong><u>OG\u0141OSZENIA DUSZPASTERSKIE<\/u><\/strong><\/p>\n\n\n\n<p><strong><u>1. <\/u><\/strong><strong><u>Dobiegamy ju\u017c po\u0142owy tegorocznego czasu pokuty i nawr\u00f3cenia<\/u><\/strong> \u2013 dzisiaj trzecia niedziela Wielkiego Postu! Baczniej przyjrzyjmy si\u0119 wi\u0119c w tym \u015bwi\u0119tym czasie, jakie owoce wiary wydajemy w codzienno\u015bci.<\/p>\n\n\n\n<p><strong><u>2. Do \u015brody obowi\u0105zuje PROGRAM REKOLEKCJI WIELKOPOSTNYCH.<\/u><\/strong><\/p>\n\n\n\n<p><strong><u>Od CZWARTKU:<\/u><\/strong><\/p>\n\n\n\n<ul class=\"wp-block-list\">\n<li><strong><u>w\u00a0pi\u0105tek<\/u><\/strong> <strong>Droga\u00a0 krzy\u017cowa<\/strong>: &#8211; o <strong>17.00 i 19.30<\/strong>,<\/li>\n\n\n\n<li><strong><u>w niedziele<\/u><\/strong> <strong>Gorzkie \u017cale <\/strong>o <strong>15.00<\/strong><\/li>\n<\/ul>\n\n\n\n<p><strong><u>3..<\/u><\/strong><strong><u> W duchu wielkopostnej solidarno\u015bci wspierajmy<\/u><\/strong> w tym czasie dzia\u0142alno\u015b\u0107 charytatywnych instytucji Ko\u015bcio\u0142a, zw\u0142aszcza Caritas.<\/p>\n\n\n\n<p>5.<strong><u>SPOTKANIA<\/u><\/strong><\/p>\n\n\n\n<ul class=\"wp-block-list\">\n<li>&#8211; w pi\u0105tek o godzinie 16:00 spotkanie LSO<\/li>\n\n\n\n<li>&#8211; w pi\u0105tek o godzinie 19:30 Droga Krzy\u017cowa i spotkanie uczni\u00f3w klasy 8<\/li>\n\n\n\n<li>&#8211; w sobot\u0119 o godzinie 11:00 spotkanie DSM<\/li>\n\n\n\n<li>Akcja katolicka serdecznie zaprasza na Nabo\u017ce\u0144stwo do \u015bw Jana Paw\u0142a II w pi\u0105tek 13 marca po mszy \u015bwi\u0119tej wieczornej.\u00a0<\/li>\n\n\n\n<li><strong><u>Komunikat Biskupa Tarnowskiego <\/u><\/strong><strong>w zwi\u0105zku z dzia\u0142alno\u015bci\u0105 Fundacji im. Arcybiskupa Jerzego Ablewicza<\/strong><\/li>\n<\/ul>\n\n\n\n<p>Drodzy Diecezjanie!<\/p>\n\n\n\n<p>Od ponad trzydziestu lat w naszej diecezji dzia\u0142a Fundacja im. Arcybiskupa Jerzego Ablewicza. Jej podstawowym zadaniem jest wspieranie zdolnej m\u0142odzie\u017cy zaanga\u017cowanej w&nbsp;\u017cycie Ko\u015bcio\u0142a. Ka\u017cdego miesi\u0105ca blisko setka m\u0142odych ludzi otrzymuje pomoc stypendialn\u0105, kt\u00f3ra pomaga im zdobywa\u0107 wykszta\u0142cenie i rozwija\u0107 talenty.<\/p>\n\n\n\n<p>Zgodnie z przyj\u0119tym ju\u017c zwyczajem, ofiary zbierane podczas Mszy \u015awi\u0119tych, w czasie kt\u00f3rych udzielany jest sakrament bierzmowania, s\u0105 w ca\u0142o\u015bci przeznaczone w\u0142a\u015bnie na ten cel.<br>Serdecznie zach\u0119cam do ofiarnego wspierania naszej m\u0142odzie\u017cy, kt\u00f3ra z powodu braku \u015brodk\u00f3w finansowych ma utrudnion\u0105 drog\u0119 do rozwijania swoich talent\u00f3w i zdolno\u015bci. Zach\u0119cam r\u00f3wnie\u017c do indywidualnego anga\u017cowania si\u0119 w dzia\u0142alno\u015b\u0107 Fundacji. Szczeg\u00f3\u0142owe informacje znajduj\u0105 si\u0119 na stronie internetowej Fundacji:<\/p>\n\n\n\n<p>Z pasterskim b\u0142ogos\u0142awie\u0144stwem&nbsp; &nbsp;&nbsp;&nbsp;&nbsp;&nbsp;\u2020 Andrzej Je\u017c &nbsp;&nbsp;&nbsp;&nbsp;&nbsp;BISKUP TARNOWSKI<\/p>\n","protected":false},"excerpt":{"rendered":"<p>OG\u0141OSZENIA DUSZPASTERSKIE 1. Dobiegamy ju\u017c po\u0142owy tegorocznego czasu pokuty i nawr\u00f3cenia \u2013 dzisiaj trzecia niedziela Wielkiego Postu! Baczniej przyjrzyjmy si\u0119 wi\u0119c w tym \u015bwi\u0119tym czasie, jakie owoce wiary wydajemy w codzienno\u015bci. 2. Do \u015brody obowi\u0105zuje PROGRAM REKOLEKCJI WIELKOPOSTNYCH. Od CZWARTKU: 3.. W duchu wielkopostnej solidarno\u015bci wspierajmy w tym czasie dzia\u0142alno\u015b\u0107 charytatywnych instytucji Ko\u015bcio\u0142a, zw\u0142aszcza Caritas. &#8230; <span class=\"more\"><a class=\"more-link\" href=\"https:\/\/nspjbiadoliny.pl\/?p=3155\">[Czytaj wi\u0119cej&#8230;]<\/a><\/span><\/p>\n","protected":false},"author":2,"featured_media":0,"comment_status":"closed","ping_status":"closed","sticky":false,"template":"","format":"standard","meta":{"_exactmetrics_skip_tracking":false,"_exactmetrics_sitenote_active":false,"_exactmetrics_sitenote_note":"","_exactmetrics_sitenote_category":0,"ngg_post_thumbnail":0,"footnotes":""},"categories":[3],"tags":[],"class_list":{"0":"entry","1":"post","2":"publish","3":"author-ks-zbigniew-dudek","4":"post-3155","6":"format-standard","7":"category-ogloszenia-duszpasterskie"},"_links":{"self":[{"href":"https:\/\/nspjbiadoliny.pl\/index.php?rest_route=\/wp\/v2\/posts\/3155","targetHints":{"allow":["GET"]}}],"collection":[{"href":"https:\/\/nspjbiadoliny.pl\/index.php?rest_route=\/wp\/v2\/posts"}],"about":[{"href":"https:\/\/nspjbiadoliny.pl\/index.php?rest_route=\/wp\/v2\/types\/post"}],"author":[{"embeddable":true,"href":"https:\/\/nspjbiadoliny.pl\/index.php?rest_route=\/wp\/v2\/users\/2"}],"replies":[{"embeddable":true,"href":"https:\/\/nspjbiadoliny.pl\/index.php?rest_route=%2Fwp%2Fv2%2Fcomments&post=3155"}],"version-history":[{"count":2,"href":"https:\/\/nspjbiadoliny.pl\/index.php?rest_route=\/wp\/v2\/posts\/3155\/revisions"}],"predecessor-version":[{"id":3158,"href":"https:\/\/nspjbiadoliny.pl\/index.php?rest_route=\/wp\/v2\/posts\/3155\/revisions\/3158"}],"wp:attachment":[{"href":"https:\/\/nspjbiadoliny.pl\/index.php?rest_route=%2Fwp%2Fv2%2Fmedia&parent=3155"}],"wp:term":[{"taxonomy":"category","embeddable":true,"href":"https:\/\/nspjbiadoliny.pl\/index.php?rest_route=%2Fwp%2Fv2%2Fcategories&post=3155"},{"taxonomy":"post_tag","embeddable":true,"href":"https:\/\/nspjbiadoliny.pl\/index.php?rest_route=%2Fwp%2Fv2%2Ftags&post=3155"}],"curies":[{"name":"wp","href":"https:\/\/api.w.org\/{rel}","templated":true}]}}