{"id":238,"date":"2016-02-14T17:00:26","date_gmt":"2016-02-14T16:00:26","guid":{"rendered":"http:\/\/parafiabiadoliny.pl\/?p=238"},"modified":"2016-02-14T17:00:26","modified_gmt":"2016-02-14T16:00:26","slug":"i-n-wielkiego-postu-14-02-2016","status":"publish","type":"post","link":"https:\/\/nspjbiadoliny.pl\/?p=238","title":{"rendered":"Og\u0142oszenia duszpasterskie &#8211; 14 luty 2016 (I Niedziela Wielkiego Postu)"},"content":{"rendered":"<h3><strong><u>I NIEDZIELA WIELKIEGO POSTU &#8211; 14 LUTY 2016<\/u><\/strong><\/h3>\n<h6>1. Dzisiaj pierwsza niedziela Wielkiego Postu. Fioletowy kolor szat liturgicznych wskazuje nam na to, \u017ce rozpocz\u0119li\u015bmy nowy okres roku liturgicznego, jakim jest Wielki Post. Ka\u017cdy z nas ma jakie\u015b dziedziny swojego \u017cycia, kt\u00f3re wymagaj\u0105 uporz\u0105dkowania, zmiany zwyczaj\u00f3w czy nawyk\u00f3w. Dzisiejsza sk\u0142adka przeznaczona jest na Wy\u017csze Seminarium Duchowne.<\/h6>\n<h6>2. W\u0142\u0105czmy si\u0119 w g\u0142\u0119bokie prze\u017cycie tego czasu przez intensywniejsz\u0105 modlitw\u0119 osobist\u0105 i\u00a0wsp\u00f3lnotow\u0105. Tej drugiej b\u0119dzie sprzyja\u0142 udzia\u0142 w nabo\u017ce\u0144stwach wielkopostnych: Drog\u0119 Krzy\u017cow\u0105, Gorzkie \u017bale. Do udzia\u0142u w tych nabo\u017ce\u0144stwach zach\u0119cam wszystkich Parafian: dzieci, m\u0142odzie\u017c i\u00a0doros\u0142ych.<\/h6>\n<h6>3. Przypominam, \u017ce w Wielkim Po\u015bcie za odm\u00f3wienie modlitwy do Chrystusa ukrzy\u017cowanego: \u201eOto ja, dobry i najs\u0142odszy Jezu\u201d oraz za udzia\u0142 w Drodze Krzy\u017cowej, a tak\u017ce w\u00a0ka\u017cd\u0105 niedziel\u0119 za udzia\u0142 w nabo\u017ce\u0144stwie Gorzkich \u017bali oraz za odprawienie przynajmniej trzydniowych rekolekcji mo\u017cna uzyska\u0107 odpust zupe\u0142ny.<\/h6>\n<h6><!--more--><\/h6>\n<h6>4. Zapraszamy dzi\u015b o godz. 15.00 na pierwsze gorzkie \u017cale z kazaniem pasyjnym. Natomiast wcze\u015bniej na 14.30 zapraszamy na drog\u0119 krzy\u017cow\u0105:<\/h6>\n<h6>5. Zapraszamy tak\u017ce w ci\u0105gu tygodnia w ka\u017cdy pi\u0105tek na Nabo\u017ce\u0144stwo Drogi Krzy\u017cowej o 17.00. W tym tygodniu drog\u0119 krzy\u017cow\u0105 prowadz\u0105 uczniowie kl. GM.<\/h6>\n<h6>6. Wraz ze \u015arod\u0105 Popielcow\u0105 rozpocz\u0105\u0142 si\u0119 tak\u017ce czas tzw. Komunii \u015bwi\u0119tej wielkanocnej, kt\u00f3ry potrwa a\u017c do niedzieli Zes\u0142ania Ducha \u015awi\u0119tego.<\/h6>\n<h6>7. Bardzo prosz\u0119 aby potwierdzi\u0107 w formie karteczki wrzuconej na sk\u0142adk\u0119 w t\u0105 i II-\u0105 niedz. W. Postu swoj\u0105 gotowo\u015b\u0107 przyj\u0119cia pielgrzym\u00f3w na \u015aDM. Dzi\u0119kuj\u0119 za przybycie na wczorajsze zebranie wszystkich zaproszonych aby om\u00f3wi\u0107 i zorganizowa\u0107 w parafii przyj\u0119cie pielgrzym\u00f3w.<\/h6>\n<h6>8. B\u00f3g zap\u0142a\u0107 za ostatnie ofiary ze \u015arody Popielcowej przeznaczone na Caritas Diecezjalny, a w nast\u0119pn\u0105 niedziel\u0119 z racji 3-ej niedzieli miesi\u0105ca ofiary b\u0119d\u0105 zbierane na cele gospodarcze.\/rze\u017aba 4.\/<\/h6>\n<h6>9. Obok o\u0142tarza Matki Bo\u017cej \u2013 jak co roku jest skarbonka na kwiaty do Grobu Pa\u0144skiego- [podobnie pod ch\u00f3rem]. B\u00f3g zap\u0142a\u0107 za ofiary na kwiaty.<\/h6>\n<h6>10. Przysz\u0142a niedziela, druga wielkopostna, to niedziela <em>Ad gentes<\/em> \u2013 dzie\u0144 modlitwy w intencji misji i misjonarzy. Po Mszach \u015awi\u0119tych b\u0119dziemy mogli materialnie wesprze\u0107 dzie\u0142o misyjne Ko\u015bcio\u0142a, dlatego b\u0119d\u0105 zbierane przy ko\u015bciele ofiary do puszek na og\u00f3lnopolski fundusz dzie\u0142a pomocy misjom \u201eAd gentes\u201d. O przeprowadzenie zbi\u00f3rki prosimy Caritas Parafialny.<\/h6>\n<h6>11. Dzi\u015b przypadaj\u0105 te\u017c tzw. walentynki \u2013 Pomy\u015blmy o dobrym s\u0142owie, \u017cyczliwym ge\u015bcie wobec naszych bliskich \u2013 rodzic\u00f3w, dziadk\u00f3w, dzieci i wnucz\u0105t. Narzeczonym przygotowuj\u0105cym si\u0119 do zawarcia sakramentalnego ma\u0142\u017ce\u0144stwa przypominamy, \u017ce w naszej parafii dzia\u0142a Poradnictwo Rodzinne. Pracuj\u0105ce tam osoby pragn\u0105 zar\u00f3wno przygotowuj\u0105cym si\u0119 do ma\u0142\u017ce\u0144stwa, jak i m\u0142odym ma\u0142\u017ce\u0144stwom przyj\u015b\u0107 z pomoc\u0105 i rad\u0105.<\/h6>\n<h6>12. Parafialne rekolekcje wielkopostne, a zarazem i szkolne rekolekcje dla dzieci i m\u0142odzie\u017cy rozpoczn\u0105 si\u0119 od 4 \u2013niedzieli W. Postu t.j. od 6 do 9 III.2016 r. Rekolekcje te poprowadzi Ks. J\u00f3zef Wa\u0142aszek -Proboszcz Parafii Podegrodzie k\/ N. S\u0105cza. Program rekolekcji podam bli\u017cej terminu ich rozpocz\u0119cia.<\/h6>\n<h6>13. W nast\u0119pn\u0105 niedziele t.j. 21.02.na Mszy \u015bw. o godz. 11.00 Aspiranci w naszej parafii zostan\u0105 przyj\u0119ci do grona ministrant\u00f3w.<\/h6>\n<h6>14. MSZE \u015aWI\u0118TE<\/h6>\n<h6>&#8211; RANO: od poniedzia\u0142ku do soboty o 7.00.<\/h6>\n<h6>&#8211; WIECZOREM:- \u015broda, pi\u0105tek, sobota &#8211; o 17.00<\/h6>\n<h6>15. Prasa katolicka: Go\u015b\u0107 Niedzielny<\/h6>\n<h6>16. Dzi\u015b ko\u0144cz\u0105 si\u0119 rozpocz\u0119te w \u015arod\u0119 Popielcow\u0105 kwartalne dni modlitw o ducha pokuty, ale czas pokuty Ko\u015bcio\u0142a trwa nadal.<\/h6>\n<h6>Przypomnijmy sobie w tym miejscu przepisy Ko\u015bcio\u0142a dotycz\u0105ce dni pokuty i praktyk pokutnych:<\/h6>\n<h6>Wszyscy wierni, ka\u017cdy na sw\u00f3j spos\u00f3b, obowi\u0105zani s\u0105 na podstawie prawa Bo\u017cego czyni\u0107 pokut\u0119. \u017beby jednak wszyscy przez wsp\u00f3lne zachowanie pokuty z\u0142\u0105czyli si\u0119 mi\u0119dzy sob\u0105, zostaj\u0105 nakazane dni pokuty, w kt\u00f3re wierni powinni modli\u0107 si\u0119 w spos\u00f3b szczeg\u00f3lny, wykonywa\u0107 uczynki pobo\u017cno\u015bci i mi\u0142o\u015bci, podejmowa\u0107 akty umartwienia siebie przez wierniejsze wype\u0142nianie w\u0142asnych obowi\u0105zk\u00f3w, zw\u0142aszcza za\u015b zachowywa\u0107 post i wstrzemi\u0119\u017aliwo\u015b\u0107;<\/h6>\n<h6>W Ko\u015bciele dniami i okresami pokuty s\u0105 poszczeg\u00f3lne pi\u0105tki ca\u0142ego roku i czas Wielkiego Postu. W okresie Wielkiego Postu katolik nie powinien bra\u0107 udzia\u0142u w hucznej zabawie ani jej urz\u0105dza\u0107. Wstrzemi\u0119\u017aliwo\u015b\u0107 od spo\u017cywania mi\u0119sa nale\u017cy zachowywa\u0107 we wszystkie pi\u0105tki ca\u0142ego roku, chyba \u017ce w danym dniu przypada uroczysto\u015b\u0107. Natomiast wstrzemi\u0119\u017aliwo\u015b\u0107 i post obowi\u0105zuj\u0105 w\u00a0\u015arod\u0119 Popielcow\u0105 oraz w Wielki Pi\u0105tek;<\/h6>\n<h6>Prawem o wstrzemi\u0119\u017aliwo\u015bci s\u0105 zwi\u0105zane osoby, kt\u00f3re uko\u0144czy\u0142y 14. rok \u017cycia a\u017c do \u015bmierci, prawem za\u015b o po\u015bcie s\u0105 zwi\u0105zane wszystkie osoby pe\u0142noletnie, czyli te, kt\u00f3re uko\u0144czy\u0142y 18. rok \u017cycia a\u017c do rozpocz\u0119cia 60. roku \u017cycia;<\/h6>\n<h6>dla s\u0142usznej przyczyny ksi\u0105dz proboszcz mo\u017ce dyspensowa\u0107 od obowi\u0105zku zachowania pokuty lub wstrzemi\u0119\u017aliwo\u015bci od spo\u017cywania mi\u0119sa, albo dokona\u0107 zamiany tego obowi\u0105zku na inne uczynki pobo\u017cne. Trzeba si\u0119 jednak zwr\u00f3ci\u0107 do niego w tej sprawie osobi\u015bcie. W\u0142adze ko\u015bcielne nie zwyk\u0142y udziela\u0107 dyspensy na \u015arod\u0119 Popielcow\u0105 i Wielki Pi\u0105tek.<\/h6>\n","protected":false},"excerpt":{"rendered":"<p>I NIEDZIELA WIELKIEGO POSTU &#8211; 14 LUTY 2016 1. Dzisiaj pierwsza niedziela Wielkiego Postu. Fioletowy kolor szat liturgicznych wskazuje nam na to, \u017ce rozpocz\u0119li\u015bmy nowy okres roku liturgicznego, jakim jest Wielki Post. Ka\u017cdy z nas ma jakie\u015b dziedziny swojego \u017cycia, kt\u00f3re wymagaj\u0105 uporz\u0105dkowania, zmiany zwyczaj\u00f3w czy nawyk\u00f3w. Dzisiejsza sk\u0142adka przeznaczona jest na Wy\u017csze Seminarium Duchowne. &#8230; <span class=\"more\"><a class=\"more-link\" href=\"https:\/\/nspjbiadoliny.pl\/?p=238\">[Czytaj wi\u0119cej&#8230;]<\/a><\/span><\/p>\n","protected":false},"author":2,"featured_media":0,"comment_status":"closed","ping_status":"open","sticky":false,"template":"","format":"standard","meta":{"_exactmetrics_skip_tracking":false,"_exactmetrics_sitenote_active":false,"_exactmetrics_sitenote_note":"","_exactmetrics_sitenote_category":0,"ngg_post_thumbnail":0,"footnotes":""},"categories":[3,1],"tags":[],"class_list":{"0":"entry","1":"post","2":"publish","3":"author-ks-zbigniew-dudek","4":"has-more-link","5":"post-238","7":"format-standard","8":"category-ogloszenia-duszpasterskie","9":"category-uncategorized"},"_links":{"self":[{"href":"https:\/\/nspjbiadoliny.pl\/index.php?rest_route=\/wp\/v2\/posts\/238","targetHints":{"allow":["GET"]}}],"collection":[{"href":"https:\/\/nspjbiadoliny.pl\/index.php?rest_route=\/wp\/v2\/posts"}],"about":[{"href":"https:\/\/nspjbiadoliny.pl\/index.php?rest_route=\/wp\/v2\/types\/post"}],"author":[{"embeddable":true,"href":"https:\/\/nspjbiadoliny.pl\/index.php?rest_route=\/wp\/v2\/users\/2"}],"replies":[{"embeddable":true,"href":"https:\/\/nspjbiadoliny.pl\/index.php?rest_route=%2Fwp%2Fv2%2Fcomments&post=238"}],"version-history":[{"count":0,"href":"https:\/\/nspjbiadoliny.pl\/index.php?rest_route=\/wp\/v2\/posts\/238\/revisions"}],"wp:attachment":[{"href":"https:\/\/nspjbiadoliny.pl\/index.php?rest_route=%2Fwp%2Fv2%2Fmedia&parent=238"}],"wp:term":[{"taxonomy":"category","embeddable":true,"href":"https:\/\/nspjbiadoliny.pl\/index.php?rest_route=%2Fwp%2Fv2%2Fcategories&post=238"},{"taxonomy":"post_tag","embeddable":true,"href":"https:\/\/nspjbiadoliny.pl\/index.php?rest_route=%2Fwp%2Fv2%2Ftags&post=238"}],"curies":[{"name":"wp","href":"https:\/\/api.w.org\/{rel}","templated":true}]}}